{"id":12137,"date":"2025-08-26T10:00:00","date_gmt":"2025-08-26T08:00:00","guid":{"rendered":"https:\/\/www.triopsgalaxy.de\/fossilienfund-im-steigerwald\/"},"modified":"2025-08-26T22:06:36","modified_gmt":"2025-08-26T20:06:36","slug":"decouverte-fossile-dans-la-foret-de-steigerwald","status":"publish","type":"post","link":"https:\/\/www.triopsgalaxy.de\/fr\/decouverte-fossile-dans-la-foret-de-steigerwald\/","title":{"rendered":"D\u00e9couverte fossile dans la for\u00eat de Steigerwald : d\u00e9couverte d&rsquo;un cr\u00e2ne d&rsquo;amphibien g\u00e9ant pr\u00e9historique"},"content":{"rendered":"\n<p>Bavi\u00e8re \u2013 Il y a environ 230 millions d&rsquo;ann\u00e9es, des amphibiens \u00e9tranges parcouraient le paysage de l&rsquo;actuelle Bavi\u00e8re du Nord. De nouvelles d\u00e9couvertes prouvent d\u00e9sormais de mani\u00e8re impressionnante que la r\u00e9gion \u00e9tait autrefois peupl\u00e9e de grenouilles g\u00e9antes ressemblant \u00e0 des crocodiles.<\/p>\n\n\n\n<p>Dans une zone foresti\u00e8re de la for\u00eat de Steigerwald, des pal\u00e9ontologues ont fait une d\u00e9couverte extraordinaire : dix cr\u00e2nes fossilis\u00e9s de deux esp\u00e8ces d&rsquo;amphibiens pr\u00e9historiques, les cyclosauriens et les m\u00e9toposauriens. Les fossiles, qui \u00e9taient cach\u00e9s dans d&rsquo;\u00e9normes blocs de gr\u00e8s, datent de la fin du Trias et ont environ 230 millions d&rsquo;ann\u00e9es.<\/p>\n\n\n\n<div id=\"ez-toc-container\" class=\"ez-toc-v2_0_82_2 counter-hierarchy ez-toc-counter ez-toc-grey ez-toc-container-direction\">\n<div class=\"ez-toc-title-container\">\n<p class=\"ez-toc-title\" style=\"cursor:inherit\">Table des mati\u00e8res<\/p>\n<span class=\"ez-toc-title-toggle\"><a href=\"#\" class=\"ez-toc-pull-right ez-toc-btn ez-toc-btn-xs ez-toc-btn-default ez-toc-toggle\" aria-label=\"Toggle Table of Content\"><span class=\"ez-toc-js-icon-con\"><span class=\"\"><span class=\"eztoc-hide\" style=\"display:none;\">Toggle<\/span><span class=\"ez-toc-icon-toggle-span\"><svg style=\"fill: #999;color:#999\" xmlns=\"http:\/\/www.w3.org\/2000\/svg\" class=\"list-377408\" width=\"20px\" height=\"20px\" viewBox=\"0 0 24 24\" fill=\"none\"><path d=\"M6 6H4v2h2V6zm14 0H8v2h12V6zM4 11h2v2H4v-2zm16 0H8v2h12v-2zM4 16h2v2H4v-2zm16 0H8v2h12v-2z\" fill=\"currentColor\"><\/path><\/svg><svg style=\"fill: #999;color:#999\" class=\"arrow-unsorted-368013\" xmlns=\"http:\/\/www.w3.org\/2000\/svg\" width=\"10px\" height=\"10px\" viewBox=\"0 0 24 24\" version=\"1.2\" baseProfile=\"tiny\"><path d=\"M18.2 9.3l-6.2-6.3-6.2 6.3c-.2.2-.3.4-.3.7s.1.5.3.7c.2.2.4.3.7.3h11c.3 0 .5-.1.7-.3.2-.2.3-.5.3-.7s-.1-.5-.3-.7zM5.8 14.7l6.2 6.3 6.2-6.3c.2-.2.3-.5.3-.7s-.1-.5-.3-.7c-.2-.2-.4-.3-.7-.3h-11c-.3 0-.5.1-.7.3-.2.2-.3.5-.3.7s.1.5.3.7z\"\/><\/svg><\/span><\/span><\/span><\/a><\/span><\/div>\n<nav><ul class='ez-toc-list ez-toc-list-level-1 ' ><li class='ez-toc-page-1 ez-toc-heading-level-2'><a class=\"ez-toc-link ez-toc-heading-1\" href=\"https:\/\/www.triopsgalaxy.de\/fr\/decouverte-fossile-dans-la-foret-de-steigerwald\/#La_tomodensitometrie_a_apporte_la_certitude\" >La tomodensitom\u00e9trie a apport\u00e9 la certitude<\/a><ul class='ez-toc-list-level-3' ><li class='ez-toc-heading-level-3'><a class=\"ez-toc-link ez-toc-heading-2\" href=\"https:\/\/www.triopsgalaxy.de\/fr\/decouverte-fossile-dans-la-foret-de-steigerwald\/#Des_chasseurs_dangereux_dans_la_mare\" >Des chasseurs dangereux dans la mare<\/a><\/li><li class='ez-toc-page-1 ez-toc-heading-level-3'><a class=\"ez-toc-link ez-toc-heading-3\" href=\"https:\/\/www.triopsgalaxy.de\/fr\/decouverte-fossile-dans-la-foret-de-steigerwald\/#Un_regard_sur_le_Trias\" >Un regard sur le Trias<\/a><\/li><\/ul><\/li><\/ul><\/nav><\/div>\n<h2 class=\"wp-block-heading\"><span class=\"ez-toc-section\" id=\"La_tomodensitometrie_a_apporte_la_certitude\"><\/span>La tomodensitom\u00e9trie a apport\u00e9 la certitude<span class=\"ez-toc-section-end\"><\/span><\/h2>\n\n\n\n<p>Les premiers indices concernant ces vestiges cach\u00e9s remontent \u00e0 plusieurs ann\u00e9es. Les chercheurs soup\u00e7onnaient que des fossiles pouvaient \u00eatre emprisonn\u00e9s dans les rochers. Mais ce n&rsquo;est qu&rsquo;\u00e0 l&rsquo;aide d&rsquo;un scanner sp\u00e9cial qu&rsquo;ils ont r\u00e9ussi \u00e0 rendre visibles les fragments de cr\u00e2ne.<\/p>\n\n\n\n<p>\u00ab Nous savions que les chances \u00e9taient bonnes. Mais le nombre et l&rsquo;\u00e9tat de conservation des cr\u00e2nes nous ont surpris \u00bb, explique Roland Eichhorn, de l&rsquo;Office bavarois de l&rsquo;environnement. En 2019 d\u00e9j\u00e0, la m\u00e2choire inf\u00e9rieure d&rsquo;un amphibien g\u00e9ant, avec ses dents, avait \u00e9t\u00e9 retrouv\u00e9e dans une carri\u00e8re de gr\u00e8s pr\u00e8s de Rauhenebrach, annon\u00e7ant la d\u00e9couverte actuelle.<\/p>\n\n\n\n<h3 class=\"wp-block-heading\"><span class=\"ez-toc-section\" id=\"Des_chasseurs_dangereux_dans_la_mare\"><\/span>Des chasseurs dangereux dans la mare<span class=\"ez-toc-section-end\"><\/span><\/h3>\n\n\n\n<p>\u00c0 premi\u00e8re vue, les cyclosaures et les m\u00e9toposaures ressemblaient \u00e0 des crocodiles primitifs. En r\u00e9alit\u00e9, il s&rsquo;agissait de pr\u00e9dateurs amphibies dot\u00e9s de m\u00e2choires puissantes de plus d&rsquo;un demi-m\u00e8tre de long et remplies de dents ac\u00e9r\u00e9es. Ces animaux guettaient probablement leurs proies dans les eaux boueuses, \u00e0 l&rsquo;instar des alligators ou des crocodiles actuels.<\/p>\n\n\n\n<p>On suppose que les cr\u00e2nes ont \u00e9t\u00e9 emport\u00e9s par de fortes pluies depuis des mares ass\u00e9ch\u00e9es dans des lits de rivi\u00e8res. Ils se sont ainsi retrouv\u00e9s enfouis dans le sable et ont pu \u00eatre conserv\u00e9s pendant des millions d&rsquo;ann\u00e9es.<\/p>\n\n\n\n<h3 class=\"wp-block-heading\"><span class=\"ez-toc-section\" id=\"Un_regard_sur_le_Trias\"><\/span>Un regard sur le Trias<span class=\"ez-toc-section-end\"><\/span><\/h3>\n\n\n\n<p>Ces d\u00e9couvertes fournissent des informations pr\u00e9cieuses sur le monde vivant \u00e0 la fin du Trias, une \u00e9poque marqu\u00e9e par des fluctuations climatiques. Les p\u00e9riodes de s\u00e9cheresse ont peut-\u00eatre finalement caus\u00e9 la perte de ces pr\u00e9dateurs amphibiens : lorsque les mares se sont ass\u00e9ch\u00e9es, de nombreux animaux ont trouv\u00e9 la mort.<\/p>\n\n\n\n<p>Avec la r\u00e9cente d\u00e9couverte dans la for\u00eat de Steigerwald, la Bavi\u00e8re revient sur le devant de la sc\u00e8ne pal\u00e9ontologique. Les cr\u00e2nes de ces amphibiens g\u00e9ants pr\u00e9historiques t\u00e9moignent de mani\u00e8re impressionnante de la diversit\u00e9 et de la capacit\u00e9 d&rsquo;adaptation de la vie bien avant l&rsquo;apparition des dinosaures.<\/p>\n","protected":false},"excerpt":{"rendered":"<p>Bavi\u00e8re \u2013 Il y a environ 230 millions d&rsquo;ann\u00e9es, des amphibiens \u00e9tranges parcouraient le paysage de l&rsquo;actuelle Bavi\u00e8re du Nord. De nouvelles d\u00e9couvertes prouvent d\u00e9sormais de mani\u00e8re impressionnante que la r\u00e9gion \u00e9tait autrefois peupl\u00e9e de grenouilles g\u00e9antes ressemblant \u00e0 des crocodiles. Dans une zone foresti\u00e8re de la for\u00eat de Steigerwald, des pal\u00e9ontologues ont fait une [&#8230;]\n","protected":false},"author":2,"featured_media":12135,"comment_status":"open","ping_status":"open","sticky":false,"template":"","format":"standard","meta":{"inline_featured_image":false,"footnotes":""},"categories":[240],"tags":[],"class_list":["post-12137","post","type-post","status-publish","format-standard","has-post-thumbnail","hentry","category-news-fr"],"yoast_head":"<!-- This site is optimized with the Yoast SEO plugin v27.5 - https:\/\/yoast.com\/product\/yoast-seo-wordpress\/ -->\n<title>D\u00e9couverte fossile dans la for\u00eat de Steigerwald - Triops Galaxy<\/title>\n<meta name=\"robots\" content=\"index, follow, max-snippet:-1, max-image-preview:large, max-video-preview:-1\" \/>\n<link rel=\"canonical\" href=\"https:\/\/www.triopsgalaxy.de\/fr\/decouverte-fossile-dans-la-foret-de-steigerwald\/\" \/>\n<meta property=\"og:locale\" content=\"fr_FR\" \/>\n<meta property=\"og:type\" content=\"article\" \/>\n<meta property=\"og:title\" content=\"D\u00e9couverte fossile dans la for\u00eat de Steigerwald - Triops Galaxy\" \/>\n<meta property=\"og:description\" content=\"Bavi\u00e8re \u2013 Il y a environ 230 millions d&rsquo;ann\u00e9es, des amphibiens \u00e9tranges parcouraient le paysage de l&rsquo;actuelle Bavi\u00e8re du Nord. De nouvelles d\u00e9couvertes prouvent d\u00e9sormais de mani\u00e8re impressionnante que la r\u00e9gion \u00e9tait autrefois peupl\u00e9e de grenouilles g\u00e9antes ressemblant \u00e0 des crocodiles. Dans une zone foresti\u00e8re de la for\u00eat de Steigerwald, des pal\u00e9ontologues ont fait une [...]\" \/>\n<meta property=\"og:url\" content=\"https:\/\/www.triopsgalaxy.de\/fr\/decouverte-fossile-dans-la-foret-de-steigerwald\/\" \/>\n<meta property=\"article:published_time\" content=\"2025-08-26T08:00:00+00:00\" \/>\n<meta property=\"article:modified_time\" content=\"2025-08-26T20:06:36+00:00\" \/>\n<meta property=\"og:image\" content=\"https:\/\/www.triopsgalaxy.de\/wp-content\/uploads\/Cyclotosaurus.jpg\" \/>\n\t<meta property=\"og:image:width\" content=\"1536\" \/>\n\t<meta property=\"og:image:height\" content=\"1024\" \/>\n\t<meta property=\"og:image:type\" content=\"image\/jpeg\" \/>\n<meta name=\"author\" content=\"Sladjan Lazic\" \/>\n<meta name=\"twitter:card\" content=\"summary_large_image\" \/>\n<meta name=\"twitter:label1\" content=\"\u00c9crit par\" \/>\n\t<meta name=\"twitter:data1\" content=\"Sladjan Lazic\" \/>\n\t<meta name=\"twitter:label2\" content=\"Dur\u00e9e de lecture estim\u00e9e\" \/>\n\t<meta name=\"twitter:data2\" content=\"3 minutes\" \/>\n<script type=\"application\/ld+json\" class=\"yoast-schema-graph\">{\"@context\":\"https:\\\/\\\/schema.org\",\"@graph\":[{\"@type\":\"Article\",\"@id\":\"https:\\\/\\\/www.triopsgalaxy.de\\\/fr\\\/decouverte-fossile-dans-la-foret-de-steigerwald\\\/#article\",\"isPartOf\":{\"@id\":\"https:\\\/\\\/www.triopsgalaxy.de\\\/fr\\\/decouverte-fossile-dans-la-foret-de-steigerwald\\\/\"},\"author\":{\"name\":\"Sladjan Lazic\",\"@id\":\"https:\\\/\\\/www.triopsgalaxy.de\\\/fr\\\/#\\\/schema\\\/person\\\/8c2129edbed56a83805266ea84a35abd\"},\"headline\":\"D\u00e9couverte fossile dans la for\u00eat de Steigerwald : d\u00e9couverte d&rsquo;un cr\u00e2ne d&rsquo;amphibien g\u00e9ant pr\u00e9historique\",\"datePublished\":\"2025-08-26T08:00:00+00:00\",\"dateModified\":\"2025-08-26T20:06:36+00:00\",\"mainEntityOfPage\":{\"@id\":\"https:\\\/\\\/www.triopsgalaxy.de\\\/fr\\\/decouverte-fossile-dans-la-foret-de-steigerwald\\\/\"},\"wordCount\":497,\"commentCount\":0,\"image\":{\"@id\":\"https:\\\/\\\/www.triopsgalaxy.de\\\/fr\\\/decouverte-fossile-dans-la-foret-de-steigerwald\\\/#primaryimage\"},\"thumbnailUrl\":\"https:\\\/\\\/www.triopsgalaxy.de\\\/wp-content\\\/uploads\\\/Cyclotosaurus.jpg\",\"articleSection\":[\"News\"],\"inLanguage\":\"fr-FR\",\"potentialAction\":[{\"@type\":\"CommentAction\",\"name\":\"Comment\",\"target\":[\"https:\\\/\\\/www.triopsgalaxy.de\\\/fr\\\/decouverte-fossile-dans-la-foret-de-steigerwald\\\/#respond\"]}]},{\"@type\":\"WebPage\",\"@id\":\"https:\\\/\\\/www.triopsgalaxy.de\\\/fr\\\/decouverte-fossile-dans-la-foret-de-steigerwald\\\/\",\"url\":\"https:\\\/\\\/www.triopsgalaxy.de\\\/fr\\\/decouverte-fossile-dans-la-foret-de-steigerwald\\\/\",\"name\":\"D\u00e9couverte fossile dans la for\u00eat de Steigerwald - Triops Galaxy\",\"isPartOf\":{\"@id\":\"https:\\\/\\\/www.triopsgalaxy.de\\\/fr\\\/#website\"},\"primaryImageOfPage\":{\"@id\":\"https:\\\/\\\/www.triopsgalaxy.de\\\/fr\\\/decouverte-fossile-dans-la-foret-de-steigerwald\\\/#primaryimage\"},\"image\":{\"@id\":\"https:\\\/\\\/www.triopsgalaxy.de\\\/fr\\\/decouverte-fossile-dans-la-foret-de-steigerwald\\\/#primaryimage\"},\"thumbnailUrl\":\"https:\\\/\\\/www.triopsgalaxy.de\\\/wp-content\\\/uploads\\\/Cyclotosaurus.jpg\",\"datePublished\":\"2025-08-26T08:00:00+00:00\",\"dateModified\":\"2025-08-26T20:06:36+00:00\",\"author\":{\"@id\":\"https:\\\/\\\/www.triopsgalaxy.de\\\/fr\\\/#\\\/schema\\\/person\\\/8c2129edbed56a83805266ea84a35abd\"},\"breadcrumb\":{\"@id\":\"https:\\\/\\\/www.triopsgalaxy.de\\\/fr\\\/decouverte-fossile-dans-la-foret-de-steigerwald\\\/#breadcrumb\"},\"inLanguage\":\"fr-FR\",\"potentialAction\":[{\"@type\":\"ReadAction\",\"target\":[\"https:\\\/\\\/www.triopsgalaxy.de\\\/fr\\\/decouverte-fossile-dans-la-foret-de-steigerwald\\\/\"]}]},{\"@type\":\"ImageObject\",\"inLanguage\":\"fr-FR\",\"@id\":\"https:\\\/\\\/www.triopsgalaxy.de\\\/fr\\\/decouverte-fossile-dans-la-foret-de-steigerwald\\\/#primaryimage\",\"url\":\"https:\\\/\\\/www.triopsgalaxy.de\\\/wp-content\\\/uploads\\\/Cyclotosaurus.jpg\",\"contentUrl\":\"https:\\\/\\\/www.triopsgalaxy.de\\\/wp-content\\\/uploads\\\/Cyclotosaurus.jpg\",\"width\":1536,\"height\":1024},{\"@type\":\"BreadcrumbList\",\"@id\":\"https:\\\/\\\/www.triopsgalaxy.de\\\/fr\\\/decouverte-fossile-dans-la-foret-de-steigerwald\\\/#breadcrumb\",\"itemListElement\":[{\"@type\":\"ListItem\",\"position\":1,\"name\":\"Startseite\",\"item\":\"https:\\\/\\\/www.triopsgalaxy.de\\\/fr\\\/\"},{\"@type\":\"ListItem\",\"position\":2,\"name\":\"D\u00e9couverte fossile dans la for\u00eat de Steigerwald : d\u00e9couverte d&#8217;un cr\u00e2ne d&#8217;amphibien g\u00e9ant pr\u00e9historique\"}]},{\"@type\":\"WebSite\",\"@id\":\"https:\\\/\\\/www.triopsgalaxy.de\\\/fr\\\/#website\",\"url\":\"https:\\\/\\\/www.triopsgalaxy.de\\\/fr\\\/\",\"name\":\"\",\"description\":\"\",\"potentialAction\":[{\"@type\":\"SearchAction\",\"target\":{\"@type\":\"EntryPoint\",\"urlTemplate\":\"https:\\\/\\\/www.triopsgalaxy.de\\\/fr\\\/?s={search_term_string}\"},\"query-input\":{\"@type\":\"PropertyValueSpecification\",\"valueRequired\":true,\"valueName\":\"search_term_string\"}}],\"inLanguage\":\"fr-FR\"},{\"@type\":\"Person\",\"@id\":\"https:\\\/\\\/www.triopsgalaxy.de\\\/fr\\\/#\\\/schema\\\/person\\\/8c2129edbed56a83805266ea84a35abd\",\"name\":\"Sladjan Lazic\",\"image\":{\"@type\":\"ImageObject\",\"inLanguage\":\"fr-FR\",\"@id\":\"https:\\\/\\\/secure.gravatar.com\\\/avatar\\\/c0c25c8e66690803a3e3bff27a6ac2a1f1aef0d94da32afde7ecf4d5c083e422?s=96&d=mm&r=g\",\"url\":\"https:\\\/\\\/secure.gravatar.com\\\/avatar\\\/c0c25c8e66690803a3e3bff27a6ac2a1f1aef0d94da32afde7ecf4d5c083e422?s=96&d=mm&r=g\",\"contentUrl\":\"https:\\\/\\\/secure.gravatar.com\\\/avatar\\\/c0c25c8e66690803a3e3bff27a6ac2a1f1aef0d94da32afde7ecf4d5c083e422?s=96&d=mm&r=g\",\"caption\":\"Sladjan Lazic\"},\"description\":\"Sladjan ist Triops-Z\u00fcchter und Gr\u00fcnder von Triops Galaxy. Im Jahr 2020 hat er seine Leidenschaft f\u00fcr Urzeitkrebse entdeckt und z\u00fcchtet seitdem diese faszinierenden Urzeitwesen in heimischer Zucht.\",\"sameAs\":[\"https:\\\/\\\/www.triopsgalaxy.de\\\/\"],\"url\":\"https:\\\/\\\/www.triopsgalaxy.de\\\/fr\\\/author\\\/sladjan-lazic\\\/\"}]}<\/script>\n<!-- \/ Yoast SEO plugin. -->","yoast_head_json":{"title":"D\u00e9couverte fossile dans la for\u00eat de Steigerwald - Triops Galaxy","robots":{"index":"index","follow":"follow","max-snippet":"max-snippet:-1","max-image-preview":"max-image-preview:large","max-video-preview":"max-video-preview:-1"},"canonical":"https:\/\/www.triopsgalaxy.de\/fr\/decouverte-fossile-dans-la-foret-de-steigerwald\/","og_locale":"fr_FR","og_type":"article","og_title":"D\u00e9couverte fossile dans la for\u00eat de Steigerwald - Triops Galaxy","og_description":"Bavi\u00e8re \u2013 Il y a environ 230 millions d&rsquo;ann\u00e9es, des amphibiens \u00e9tranges parcouraient le paysage de l&rsquo;actuelle Bavi\u00e8re du Nord. De nouvelles d\u00e9couvertes prouvent d\u00e9sormais de mani\u00e8re impressionnante que la r\u00e9gion \u00e9tait autrefois peupl\u00e9e de grenouilles g\u00e9antes ressemblant \u00e0 des crocodiles. Dans une zone foresti\u00e8re de la for\u00eat de Steigerwald, des pal\u00e9ontologues ont fait une [...]","og_url":"https:\/\/www.triopsgalaxy.de\/fr\/decouverte-fossile-dans-la-foret-de-steigerwald\/","article_published_time":"2025-08-26T08:00:00+00:00","article_modified_time":"2025-08-26T20:06:36+00:00","og_image":[{"width":1536,"height":1024,"url":"https:\/\/www.triopsgalaxy.de\/wp-content\/uploads\/Cyclotosaurus.jpg","type":"image\/jpeg"}],"author":"Sladjan Lazic","twitter_card":"summary_large_image","twitter_misc":{"\u00c9crit par":"Sladjan Lazic","Dur\u00e9e de lecture estim\u00e9e":"3 minutes"},"schema":{"@context":"https:\/\/schema.org","@graph":[{"@type":"Article","@id":"https:\/\/www.triopsgalaxy.de\/fr\/decouverte-fossile-dans-la-foret-de-steigerwald\/#article","isPartOf":{"@id":"https:\/\/www.triopsgalaxy.de\/fr\/decouverte-fossile-dans-la-foret-de-steigerwald\/"},"author":{"name":"Sladjan Lazic","@id":"https:\/\/www.triopsgalaxy.de\/fr\/#\/schema\/person\/8c2129edbed56a83805266ea84a35abd"},"headline":"D\u00e9couverte fossile dans la for\u00eat de Steigerwald : d\u00e9couverte d&rsquo;un cr\u00e2ne d&rsquo;amphibien g\u00e9ant pr\u00e9historique","datePublished":"2025-08-26T08:00:00+00:00","dateModified":"2025-08-26T20:06:36+00:00","mainEntityOfPage":{"@id":"https:\/\/www.triopsgalaxy.de\/fr\/decouverte-fossile-dans-la-foret-de-steigerwald\/"},"wordCount":497,"commentCount":0,"image":{"@id":"https:\/\/www.triopsgalaxy.de\/fr\/decouverte-fossile-dans-la-foret-de-steigerwald\/#primaryimage"},"thumbnailUrl":"https:\/\/www.triopsgalaxy.de\/wp-content\/uploads\/Cyclotosaurus.jpg","articleSection":["News"],"inLanguage":"fr-FR","potentialAction":[{"@type":"CommentAction","name":"Comment","target":["https:\/\/www.triopsgalaxy.de\/fr\/decouverte-fossile-dans-la-foret-de-steigerwald\/#respond"]}]},{"@type":"WebPage","@id":"https:\/\/www.triopsgalaxy.de\/fr\/decouverte-fossile-dans-la-foret-de-steigerwald\/","url":"https:\/\/www.triopsgalaxy.de\/fr\/decouverte-fossile-dans-la-foret-de-steigerwald\/","name":"D\u00e9couverte fossile dans la for\u00eat de Steigerwald - Triops Galaxy","isPartOf":{"@id":"https:\/\/www.triopsgalaxy.de\/fr\/#website"},"primaryImageOfPage":{"@id":"https:\/\/www.triopsgalaxy.de\/fr\/decouverte-fossile-dans-la-foret-de-steigerwald\/#primaryimage"},"image":{"@id":"https:\/\/www.triopsgalaxy.de\/fr\/decouverte-fossile-dans-la-foret-de-steigerwald\/#primaryimage"},"thumbnailUrl":"https:\/\/www.triopsgalaxy.de\/wp-content\/uploads\/Cyclotosaurus.jpg","datePublished":"2025-08-26T08:00:00+00:00","dateModified":"2025-08-26T20:06:36+00:00","author":{"@id":"https:\/\/www.triopsgalaxy.de\/fr\/#\/schema\/person\/8c2129edbed56a83805266ea84a35abd"},"breadcrumb":{"@id":"https:\/\/www.triopsgalaxy.de\/fr\/decouverte-fossile-dans-la-foret-de-steigerwald\/#breadcrumb"},"inLanguage":"fr-FR","potentialAction":[{"@type":"ReadAction","target":["https:\/\/www.triopsgalaxy.de\/fr\/decouverte-fossile-dans-la-foret-de-steigerwald\/"]}]},{"@type":"ImageObject","inLanguage":"fr-FR","@id":"https:\/\/www.triopsgalaxy.de\/fr\/decouverte-fossile-dans-la-foret-de-steigerwald\/#primaryimage","url":"https:\/\/www.triopsgalaxy.de\/wp-content\/uploads\/Cyclotosaurus.jpg","contentUrl":"https:\/\/www.triopsgalaxy.de\/wp-content\/uploads\/Cyclotosaurus.jpg","width":1536,"height":1024},{"@type":"BreadcrumbList","@id":"https:\/\/www.triopsgalaxy.de\/fr\/decouverte-fossile-dans-la-foret-de-steigerwald\/#breadcrumb","itemListElement":[{"@type":"ListItem","position":1,"name":"Startseite","item":"https:\/\/www.triopsgalaxy.de\/fr\/"},{"@type":"ListItem","position":2,"name":"D\u00e9couverte fossile dans la for\u00eat de Steigerwald : d\u00e9couverte d&#8217;un cr\u00e2ne d&#8217;amphibien g\u00e9ant pr\u00e9historique"}]},{"@type":"WebSite","@id":"https:\/\/www.triopsgalaxy.de\/fr\/#website","url":"https:\/\/www.triopsgalaxy.de\/fr\/","name":"","description":"","potentialAction":[{"@type":"SearchAction","target":{"@type":"EntryPoint","urlTemplate":"https:\/\/www.triopsgalaxy.de\/fr\/?s={search_term_string}"},"query-input":{"@type":"PropertyValueSpecification","valueRequired":true,"valueName":"search_term_string"}}],"inLanguage":"fr-FR"},{"@type":"Person","@id":"https:\/\/www.triopsgalaxy.de\/fr\/#\/schema\/person\/8c2129edbed56a83805266ea84a35abd","name":"Sladjan Lazic","image":{"@type":"ImageObject","inLanguage":"fr-FR","@id":"https:\/\/secure.gravatar.com\/avatar\/c0c25c8e66690803a3e3bff27a6ac2a1f1aef0d94da32afde7ecf4d5c083e422?s=96&d=mm&r=g","url":"https:\/\/secure.gravatar.com\/avatar\/c0c25c8e66690803a3e3bff27a6ac2a1f1aef0d94da32afde7ecf4d5c083e422?s=96&d=mm&r=g","contentUrl":"https:\/\/secure.gravatar.com\/avatar\/c0c25c8e66690803a3e3bff27a6ac2a1f1aef0d94da32afde7ecf4d5c083e422?s=96&d=mm&r=g","caption":"Sladjan Lazic"},"description":"Sladjan ist Triops-Z\u00fcchter und Gr\u00fcnder von Triops Galaxy. Im Jahr 2020 hat er seine Leidenschaft f\u00fcr Urzeitkrebse entdeckt und z\u00fcchtet seitdem diese faszinierenden Urzeitwesen in heimischer Zucht.","sameAs":["https:\/\/www.triopsgalaxy.de\/"],"url":"https:\/\/www.triopsgalaxy.de\/fr\/author\/sladjan-lazic\/"}]}},"_links":{"self":[{"href":"https:\/\/www.triopsgalaxy.de\/fr\/wp-json\/wp\/v2\/posts\/12137","targetHints":{"allow":["GET"]}}],"collection":[{"href":"https:\/\/www.triopsgalaxy.de\/fr\/wp-json\/wp\/v2\/posts"}],"about":[{"href":"https:\/\/www.triopsgalaxy.de\/fr\/wp-json\/wp\/v2\/types\/post"}],"author":[{"embeddable":true,"href":"https:\/\/www.triopsgalaxy.de\/fr\/wp-json\/wp\/v2\/users\/2"}],"replies":[{"embeddable":true,"href":"https:\/\/www.triopsgalaxy.de\/fr\/wp-json\/wp\/v2\/comments?post=12137"}],"version-history":[{"count":0,"href":"https:\/\/www.triopsgalaxy.de\/fr\/wp-json\/wp\/v2\/posts\/12137\/revisions"}],"wp:featuredmedia":[{"embeddable":true,"href":"https:\/\/www.triopsgalaxy.de\/fr\/wp-json\/wp\/v2\/media\/12135"}],"wp:attachment":[{"href":"https:\/\/www.triopsgalaxy.de\/fr\/wp-json\/wp\/v2\/media?parent=12137"}],"wp:term":[{"taxonomy":"category","embeddable":true,"href":"https:\/\/www.triopsgalaxy.de\/fr\/wp-json\/wp\/v2\/categories?post=12137"},{"taxonomy":"post_tag","embeddable":true,"href":"https:\/\/www.triopsgalaxy.de\/fr\/wp-json\/wp\/v2\/tags?post=12137"}],"curies":[{"name":"wp","href":"https:\/\/api.w.org\/{rel}","templated":true}]}}